{"id":5603,"date":"2026-01-19T11:39:59","date_gmt":"2026-01-19T11:39:59","guid":{"rendered":"https:\/\/parroquiacarcavas.archimadrid.es\/?p=5603"},"modified":"2026-01-29T08:33:29","modified_gmt":"2026-01-29T08:33:29","slug":"curso-de-educacion-de-la-afectividad-para-adolescentes","status":"publish","type":"post","link":"https:\/\/parroquiacarcavas.archimadrid.es\/index.php\/2026\/01\/19\/curso-de-educacion-de-la-afectividad-para-adolescentes\/","title":{"rendered":"Curso de Educaci\u00f3n de la Afectividad para Adolescentes"},"content":{"rendered":"\n<figure class=\"wp-block-image size-large\"><img data-recalc-dims=\"1\" loading=\"lazy\" decoding=\"async\" width=\"724\" height=\"1024\" src=\"https:\/\/i0.wp.com\/parroquiacarcavas.archimadrid.es\/wp-content\/uploads\/2026\/01\/1000865934.jpg?resize=724%2C1024&#038;ssl=1\" alt=\"\" class=\"wp-image-5618\" srcset=\"https:\/\/i0.wp.com\/parroquiacarcavas.archimadrid.es\/wp-content\/uploads\/2026\/01\/1000865934.jpg?resize=724%2C1024&amp;ssl=1 724w, https:\/\/i0.wp.com\/parroquiacarcavas.archimadrid.es\/wp-content\/uploads\/2026\/01\/1000865934.jpg?resize=212%2C300&amp;ssl=1 212w, https:\/\/i0.wp.com\/parroquiacarcavas.archimadrid.es\/wp-content\/uploads\/2026\/01\/1000865934.jpg?resize=768%2C1086&amp;ssl=1 768w, https:\/\/i0.wp.com\/parroquiacarcavas.archimadrid.es\/wp-content\/uploads\/2026\/01\/1000865934.jpg?resize=1086%2C1536&amp;ssl=1 1086w, https:\/\/i0.wp.com\/parroquiacarcavas.archimadrid.es\/wp-content\/uploads\/2026\/01\/1000865934.jpg?w=1414&amp;ssl=1 1414w\" sizes=\"auto, (max-width: 724px) 100vw, 724px\" \/><\/figure>\n\n\n\n\n\n<p>Como padres, buscamos para nuestros hijos la mejor formaci\u00f3n acad\u00e9mica, convencidos de que as\u00ed favorecemos su futuro profesional. Sin embargo, la verdadera clave de su felicidad est\u00e1 en que aprendan a amar, quieran amar y se sientan profundamente amados. La construcci\u00f3n de v\u00ednculos afectivos seguros y la capacidad de establecer relaciones humanas sanas y estables son fundamentales en el desarrollo de la personalidad de nuestros hijos. En el contexto actual, muchos de los modelos que la sociedad les propone se alejan del ideal cristiano de vida, lo que a menudo provoca en las familias una sensaci\u00f3n de desbordamiento y la duda sobre la posibilidad de una educaci\u00f3n verdaderamente integral.<\/p>\n\n\n\n<p>Para responder a esta necesidad, la parroquia ofrece el <strong>Curso de Educaci\u00f3n de la Afectividad para adolescentes<\/strong>, dentro de su pastoral de j\u00f3venes y familias.<\/p>\n\n\n\n<h2 class=\"wp-block-heading\">Estructura del curso<\/h2>\n\n\n\n<p>El itinerario formativo se desarrolla a lo largo de <strong>seis a\u00f1os<\/strong>, correspondientes a los <strong>cuatro cursos de la ESO y dos de Bachillerato<\/strong>.<br>Cada curso incluye <strong>cinco sesiones en formato taller<\/strong>, dise\u00f1adas para favorecer la participaci\u00f3n activa de los adolescentes y dar respuesta a sus inquietudes y preguntas.<\/p>\n\n\n\n<p>El temario tiene continuidad de un a\u00f1o a otro, por lo que se recomienda la participaci\u00f3n a lo largo de todo el proceso formativo.<\/p>\n\n\n\n<p>El curso est\u00e1 impartido por <strong>monitores adultos titulados y especializados en afectividad<\/strong>, con experiencia en la formaci\u00f3n de adolescentes.<\/p>\n\n\n\n<h2 class=\"wp-block-heading\">Fechas y horarios (Curso 2025\u20132026)<\/h2>\n\n\n\n<p>Las sesiones se celebrar\u00e1n siempre en s\u00e1bado, en las siguientes fechas:<\/p>\n\n\n\n<ul class=\"wp-block-list\">\n<li>7 de febrero<\/li>\n\n\n\n<li>21 de febrero<\/li>\n\n\n\n<li>28 de febrero<\/li>\n\n\n\n<li>14 de marzo<\/li>\n\n\n\n<li>21 de marzo<\/li>\n<\/ul>\n\n\n\n<p><strong>Horarios:<\/strong><\/p>\n\n\n\n<ul class=\"wp-block-list\">\n<li>S\u00e1bados de 18:00 a 19:30<\/li>\n<\/ul>\n\n\n\n<h3 class=\"wp-block-heading\">Inscripci\u00f3n<br>La inscripci\u00f3n es <strong>imprescindible<\/strong> para poder asistir al curso.<\/h3>\n\n\n\n<p>\ud83d\udc49 Rellena el <strong>formulario de preinscripci\u00f3n <\/strong><a href=\"https:\/\/forms.gle\/TgfJyz8qtYjZQzxV7\"><strong>AQU\u00cd<\/strong> <\/a>y recibir\u00e1s un correo electr\u00f3nico con las indicaciones para completar el proceso lo antes posible.<\/p>\n\n\n\n<p><\/p>\n","protected":false},"excerpt":{"rendered":"<p>Como padres, buscamos para nuestros hijos la mejor formaci\u00f3n acad\u00e9mica, convencidos de que as\u00ed favorecemos su futuro profesional. Sin embargo, la verdadera clave de su &hellip;<\/p>\n","protected":false},"author":1,"featured_media":5607,"comment_status":"open","ping_status":"open","sticky":false,"template":"","format":"standard","meta":{"footnotes":""},"categories":[1],"tags":[],"class_list":["post-5603","post","type-post","status-publish","format-standard","has-post-thumbnail","hentry","category-uncategorized"],"yoast_head":"<!-- This site is optimized with the Yoast SEO plugin v27.5 - https:\/\/yoast.com\/product\/yoast-seo-wordpress\/ -->\n<title>Curso de Educaci\u00f3n de la Afectividad para Adolescentes - PARROQUIA SAN ANTONIO DE LAS C\u00c1RCAVAS<\/title>\n<meta name=\"robots\" content=\"index, follow, max-snippet:-1, max-image-preview:large, max-video-preview:-1\" \/>\n<link rel=\"canonical\" href=\"https:\/\/parroquiacarcavas.archimadrid.es\/index.php\/2026\/01\/19\/curso-de-educacion-de-la-afectividad-para-adolescentes\/\" \/>\n<meta property=\"og:locale\" content=\"es_ES\" \/>\n<meta property=\"og:type\" content=\"article\" \/>\n<meta property=\"og:title\" content=\"Curso de Educaci\u00f3n de la Afectividad para Adolescentes - PARROQUIA SAN ANTONIO DE LAS C\u00c1RCAVAS\" \/>\n<meta property=\"og:description\" content=\"Como padres, buscamos para nuestros hijos la mejor formaci\u00f3n acad\u00e9mica, convencidos de que as\u00ed favorecemos su futuro profesional. Sin embargo, la verdadera clave de su &hellip;\" \/>\n<meta property=\"og:url\" content=\"https:\/\/parroquiacarcavas.archimadrid.es\/index.php\/2026\/01\/19\/curso-de-educacion-de-la-afectividad-para-adolescentes\/\" \/>\n<meta property=\"og:site_name\" content=\"PARROQUIA SAN ANTONIO DE LAS C\u00c1RCAVAS\" \/>\n<meta property=\"article:published_time\" content=\"2026-01-19T11:39:59+00:00\" \/>\n<meta property=\"article:modified_time\" content=\"2026-01-29T08:33:29+00:00\" \/>\n<meta property=\"og:image\" content=\"https:\/\/parroquiacarcavas.archimadrid.es\/wp-content\/uploads\/2026\/01\/86c1d805-4fff-4bfb-8a06-235369275ef5.jpg\" \/>\n\t<meta property=\"og:image:width\" content=\"1024\" \/>\n\t<meta property=\"og:image:height\" content=\"684\" \/>\n\t<meta property=\"og:image:type\" content=\"image\/jpeg\" \/>\n<meta name=\"author\" content=\"Parroquia\" \/>\n<meta name=\"twitter:card\" content=\"summary_large_image\" \/>\n<meta name=\"twitter:label1\" content=\"Escrito por\" \/>\n\t<meta name=\"twitter:data1\" content=\"Parroquia\" \/>\n\t<meta name=\"twitter:label2\" content=\"Tiempo de lectura\" \/>\n\t<meta name=\"twitter:data2\" content=\"2 minutos\" \/>\n<script type=\"application\/ld+json\" class=\"yoast-schema-graph\">{\"@context\":\"https:\\\/\\\/schema.org\",\"@graph\":[{\"@type\":\"Article\",\"@id\":\"https:\\\/\\\/parroquiacarcavas.archimadrid.es\\\/index.php\\\/2026\\\/01\\\/19\\\/curso-de-educacion-de-la-afectividad-para-adolescentes\\\/#article\",\"isPartOf\":{\"@id\":\"https:\\\/\\\/parroquiacarcavas.archimadrid.es\\\/index.php\\\/2026\\\/01\\\/19\\\/curso-de-educacion-de-la-afectividad-para-adolescentes\\\/\"},\"author\":{\"name\":\"Parroquia\",\"@id\":\"https:\\\/\\\/parroquiacarcavas.archimadrid.es\\\/#\\\/schema\\\/person\\\/461ddc0300905f2a58401af0242dec8e\"},\"headline\":\"Curso de Educaci\u00f3n de la Afectividad para Adolescentes\",\"datePublished\":\"2026-01-19T11:39:59+00:00\",\"dateModified\":\"2026-01-29T08:33:29+00:00\",\"mainEntityOfPage\":{\"@id\":\"https:\\\/\\\/parroquiacarcavas.archimadrid.es\\\/index.php\\\/2026\\\/01\\\/19\\\/curso-de-educacion-de-la-afectividad-para-adolescentes\\\/\"},\"wordCount\":318,\"commentCount\":0,\"publisher\":{\"@id\":\"https:\\\/\\\/parroquiacarcavas.archimadrid.es\\\/#organization\"},\"image\":{\"@id\":\"https:\\\/\\\/parroquiacarcavas.archimadrid.es\\\/index.php\\\/2026\\\/01\\\/19\\\/curso-de-educacion-de-la-afectividad-para-adolescentes\\\/#primaryimage\"},\"thumbnailUrl\":\"https:\\\/\\\/i0.wp.com\\\/parroquiacarcavas.archimadrid.es\\\/wp-content\\\/uploads\\\/2026\\\/01\\\/86c1d805-4fff-4bfb-8a06-235369275ef5.jpg?fit=1024%2C684&ssl=1\",\"articleSection\":[\"Uncategorized\"],\"inLanguage\":\"es\",\"potentialAction\":[{\"@type\":\"CommentAction\",\"name\":\"Comment\",\"target\":[\"https:\\\/\\\/parroquiacarcavas.archimadrid.es\\\/index.php\\\/2026\\\/01\\\/19\\\/curso-de-educacion-de-la-afectividad-para-adolescentes\\\/#respond\"]}]},{\"@type\":\"WebPage\",\"@id\":\"https:\\\/\\\/parroquiacarcavas.archimadrid.es\\\/index.php\\\/2026\\\/01\\\/19\\\/curso-de-educacion-de-la-afectividad-para-adolescentes\\\/\",\"url\":\"https:\\\/\\\/parroquiacarcavas.archimadrid.es\\\/index.php\\\/2026\\\/01\\\/19\\\/curso-de-educacion-de-la-afectividad-para-adolescentes\\\/\",\"name\":\"Curso de Educaci\u00f3n de la Afectividad para Adolescentes - PARROQUIA SAN ANTONIO DE LAS C\u00c1RCAVAS\",\"isPartOf\":{\"@id\":\"https:\\\/\\\/parroquiacarcavas.archimadrid.es\\\/#website\"},\"primaryImageOfPage\":{\"@id\":\"https:\\\/\\\/parroquiacarcavas.archimadrid.es\\\/index.php\\\/2026\\\/01\\\/19\\\/curso-de-educacion-de-la-afectividad-para-adolescentes\\\/#primaryimage\"},\"image\":{\"@id\":\"https:\\\/\\\/parroquiacarcavas.archimadrid.es\\\/index.php\\\/2026\\\/01\\\/19\\\/curso-de-educacion-de-la-afectividad-para-adolescentes\\\/#primaryimage\"},\"thumbnailUrl\":\"https:\\\/\\\/i0.wp.com\\\/parroquiacarcavas.archimadrid.es\\\/wp-content\\\/uploads\\\/2026\\\/01\\\/86c1d805-4fff-4bfb-8a06-235369275ef5.jpg?fit=1024%2C684&ssl=1\",\"datePublished\":\"2026-01-19T11:39:59+00:00\",\"dateModified\":\"2026-01-29T08:33:29+00:00\",\"breadcrumb\":{\"@id\":\"https:\\\/\\\/parroquiacarcavas.archimadrid.es\\\/index.php\\\/2026\\\/01\\\/19\\\/curso-de-educacion-de-la-afectividad-para-adolescentes\\\/#breadcrumb\"},\"inLanguage\":\"es\",\"potentialAction\":[{\"@type\":\"ReadAction\",\"target\":[\"https:\\\/\\\/parroquiacarcavas.archimadrid.es\\\/index.php\\\/2026\\\/01\\\/19\\\/curso-de-educacion-de-la-afectividad-para-adolescentes\\\/\"]}]},{\"@type\":\"ImageObject\",\"inLanguage\":\"es\",\"@id\":\"https:\\\/\\\/parroquiacarcavas.archimadrid.es\\\/index.php\\\/2026\\\/01\\\/19\\\/curso-de-educacion-de-la-afectividad-para-adolescentes\\\/#primaryimage\",\"url\":\"https:\\\/\\\/i0.wp.com\\\/parroquiacarcavas.archimadrid.es\\\/wp-content\\\/uploads\\\/2026\\\/01\\\/86c1d805-4fff-4bfb-8a06-235369275ef5.jpg?fit=1024%2C684&ssl=1\",\"contentUrl\":\"https:\\\/\\\/i0.wp.com\\\/parroquiacarcavas.archimadrid.es\\\/wp-content\\\/uploads\\\/2026\\\/01\\\/86c1d805-4fff-4bfb-8a06-235369275ef5.jpg?fit=1024%2C684&ssl=1\",\"width\":1024,\"height\":684},{\"@type\":\"BreadcrumbList\",\"@id\":\"https:\\\/\\\/parroquiacarcavas.archimadrid.es\\\/index.php\\\/2026\\\/01\\\/19\\\/curso-de-educacion-de-la-afectividad-para-adolescentes\\\/#breadcrumb\",\"itemListElement\":[{\"@type\":\"ListItem\",\"position\":1,\"name\":\"Portada\",\"item\":\"https:\\\/\\\/parroquiacarcavas.archimadrid.es\\\/\"},{\"@type\":\"ListItem\",\"position\":2,\"name\":\"Curso de Educaci\u00f3n de la Afectividad para Adolescentes\"}]},{\"@type\":\"WebSite\",\"@id\":\"https:\\\/\\\/parroquiacarcavas.archimadrid.es\\\/#website\",\"url\":\"https:\\\/\\\/parroquiacarcavas.archimadrid.es\\\/\",\"name\":\"PARROQUIA SAN ANTONIO DE LAS C\u00c1RCAVAS\",\"description\":\"VUESTRA CASA\",\"publisher\":{\"@id\":\"https:\\\/\\\/parroquiacarcavas.archimadrid.es\\\/#organization\"},\"potentialAction\":[{\"@type\":\"SearchAction\",\"target\":{\"@type\":\"EntryPoint\",\"urlTemplate\":\"https:\\\/\\\/parroquiacarcavas.archimadrid.es\\\/?s={search_term_string}\"},\"query-input\":{\"@type\":\"PropertyValueSpecification\",\"valueRequired\":true,\"valueName\":\"search_term_string\"}}],\"inLanguage\":\"es\"},{\"@type\":\"Organization\",\"@id\":\"https:\\\/\\\/parroquiacarcavas.archimadrid.es\\\/#organization\",\"name\":\"PARROQUIA SAN ANTONIO DE LAS C\u00c1RCAVAS\",\"url\":\"https:\\\/\\\/parroquiacarcavas.archimadrid.es\\\/\",\"logo\":{\"@type\":\"ImageObject\",\"inLanguage\":\"es\",\"@id\":\"https:\\\/\\\/parroquiacarcavas.archimadrid.es\\\/#\\\/schema\\\/logo\\\/image\\\/\",\"url\":\"https:\\\/\\\/parroquiacarcavas.archimadrid.es\\\/wp-content\\\/uploads\\\/2022\\\/02\\\/LOGO-SAN-ANTONIO.png\",\"contentUrl\":\"https:\\\/\\\/parroquiacarcavas.archimadrid.es\\\/wp-content\\\/uploads\\\/2022\\\/02\\\/LOGO-SAN-ANTONIO.png\",\"width\":1863,\"height\":1171,\"caption\":\"PARROQUIA SAN ANTONIO DE LAS C\u00c1RCAVAS\"},\"image\":{\"@id\":\"https:\\\/\\\/parroquiacarcavas.archimadrid.es\\\/#\\\/schema\\\/logo\\\/image\\\/\"}},{\"@type\":\"Person\",\"@id\":\"https:\\\/\\\/parroquiacarcavas.archimadrid.es\\\/#\\\/schema\\\/person\\\/461ddc0300905f2a58401af0242dec8e\",\"name\":\"Parroquia\",\"image\":{\"@type\":\"ImageObject\",\"inLanguage\":\"es\",\"@id\":\"https:\\\/\\\/secure.gravatar.com\\\/avatar\\\/43cf8d4d65888e582336ee6625141c8c4fbde4e020a8ef72f3b8f91317f8fdb7?s=96&d=mm&r=g\",\"url\":\"https:\\\/\\\/secure.gravatar.com\\\/avatar\\\/43cf8d4d65888e582336ee6625141c8c4fbde4e020a8ef72f3b8f91317f8fdb7?s=96&d=mm&r=g\",\"contentUrl\":\"https:\\\/\\\/secure.gravatar.com\\\/avatar\\\/43cf8d4d65888e582336ee6625141c8c4fbde4e020a8ef72f3b8f91317f8fdb7?s=96&d=mm&r=g\",\"caption\":\"Parroquia\"},\"sameAs\":[\"https:\\\/\\\/parroquiacarcavas.archimadrid.es\"],\"url\":\"https:\\\/\\\/parroquiacarcavas.archimadrid.es\\\/index.php\\\/author\\\/angel8k\\\/\"}]}<\/script>\n<!-- \/ Yoast SEO plugin. -->","yoast_head_json":{"title":"Curso de Educaci\u00f3n de la Afectividad para Adolescentes - PARROQUIA SAN ANTONIO DE LAS C\u00c1RCAVAS","robots":{"index":"index","follow":"follow","max-snippet":"max-snippet:-1","max-image-preview":"max-image-preview:large","max-video-preview":"max-video-preview:-1"},"canonical":"https:\/\/parroquiacarcavas.archimadrid.es\/index.php\/2026\/01\/19\/curso-de-educacion-de-la-afectividad-para-adolescentes\/","og_locale":"es_ES","og_type":"article","og_title":"Curso de Educaci\u00f3n de la Afectividad para Adolescentes - PARROQUIA SAN ANTONIO DE LAS C\u00c1RCAVAS","og_description":"Como padres, buscamos para nuestros hijos la mejor formaci\u00f3n acad\u00e9mica, convencidos de que as\u00ed favorecemos su futuro profesional. Sin embargo, la verdadera clave de su &hellip;","og_url":"https:\/\/parroquiacarcavas.archimadrid.es\/index.php\/2026\/01\/19\/curso-de-educacion-de-la-afectividad-para-adolescentes\/","og_site_name":"PARROQUIA SAN ANTONIO DE LAS C\u00c1RCAVAS","article_published_time":"2026-01-19T11:39:59+00:00","article_modified_time":"2026-01-29T08:33:29+00:00","og_image":[{"width":1024,"height":684,"url":"https:\/\/parroquiacarcavas.archimadrid.es\/wp-content\/uploads\/2026\/01\/86c1d805-4fff-4bfb-8a06-235369275ef5.jpg","type":"image\/jpeg"}],"author":"Parroquia","twitter_card":"summary_large_image","twitter_misc":{"Escrito por":"Parroquia","Tiempo de lectura":"2 minutos"},"schema":{"@context":"https:\/\/schema.org","@graph":[{"@type":"Article","@id":"https:\/\/parroquiacarcavas.archimadrid.es\/index.php\/2026\/01\/19\/curso-de-educacion-de-la-afectividad-para-adolescentes\/#article","isPartOf":{"@id":"https:\/\/parroquiacarcavas.archimadrid.es\/index.php\/2026\/01\/19\/curso-de-educacion-de-la-afectividad-para-adolescentes\/"},"author":{"name":"Parroquia","@id":"https:\/\/parroquiacarcavas.archimadrid.es\/#\/schema\/person\/461ddc0300905f2a58401af0242dec8e"},"headline":"Curso de Educaci\u00f3n de la Afectividad para Adolescentes","datePublished":"2026-01-19T11:39:59+00:00","dateModified":"2026-01-29T08:33:29+00:00","mainEntityOfPage":{"@id":"https:\/\/parroquiacarcavas.archimadrid.es\/index.php\/2026\/01\/19\/curso-de-educacion-de-la-afectividad-para-adolescentes\/"},"wordCount":318,"commentCount":0,"publisher":{"@id":"https:\/\/parroquiacarcavas.archimadrid.es\/#organization"},"image":{"@id":"https:\/\/parroquiacarcavas.archimadrid.es\/index.php\/2026\/01\/19\/curso-de-educacion-de-la-afectividad-para-adolescentes\/#primaryimage"},"thumbnailUrl":"https:\/\/i0.wp.com\/parroquiacarcavas.archimadrid.es\/wp-content\/uploads\/2026\/01\/86c1d805-4fff-4bfb-8a06-235369275ef5.jpg?fit=1024%2C684&ssl=1","articleSection":["Uncategorized"],"inLanguage":"es","potentialAction":[{"@type":"CommentAction","name":"Comment","target":["https:\/\/parroquiacarcavas.archimadrid.es\/index.php\/2026\/01\/19\/curso-de-educacion-de-la-afectividad-para-adolescentes\/#respond"]}]},{"@type":"WebPage","@id":"https:\/\/parroquiacarcavas.archimadrid.es\/index.php\/2026\/01\/19\/curso-de-educacion-de-la-afectividad-para-adolescentes\/","url":"https:\/\/parroquiacarcavas.archimadrid.es\/index.php\/2026\/01\/19\/curso-de-educacion-de-la-afectividad-para-adolescentes\/","name":"Curso de Educaci\u00f3n de la Afectividad para Adolescentes - PARROQUIA SAN ANTONIO DE LAS C\u00c1RCAVAS","isPartOf":{"@id":"https:\/\/parroquiacarcavas.archimadrid.es\/#website"},"primaryImageOfPage":{"@id":"https:\/\/parroquiacarcavas.archimadrid.es\/index.php\/2026\/01\/19\/curso-de-educacion-de-la-afectividad-para-adolescentes\/#primaryimage"},"image":{"@id":"https:\/\/parroquiacarcavas.archimadrid.es\/index.php\/2026\/01\/19\/curso-de-educacion-de-la-afectividad-para-adolescentes\/#primaryimage"},"thumbnailUrl":"https:\/\/i0.wp.com\/parroquiacarcavas.archimadrid.es\/wp-content\/uploads\/2026\/01\/86c1d805-4fff-4bfb-8a06-235369275ef5.jpg?fit=1024%2C684&ssl=1","datePublished":"2026-01-19T11:39:59+00:00","dateModified":"2026-01-29T08:33:29+00:00","breadcrumb":{"@id":"https:\/\/parroquiacarcavas.archimadrid.es\/index.php\/2026\/01\/19\/curso-de-educacion-de-la-afectividad-para-adolescentes\/#breadcrumb"},"inLanguage":"es","potentialAction":[{"@type":"ReadAction","target":["https:\/\/parroquiacarcavas.archimadrid.es\/index.php\/2026\/01\/19\/curso-de-educacion-de-la-afectividad-para-adolescentes\/"]}]},{"@type":"ImageObject","inLanguage":"es","@id":"https:\/\/parroquiacarcavas.archimadrid.es\/index.php\/2026\/01\/19\/curso-de-educacion-de-la-afectividad-para-adolescentes\/#primaryimage","url":"https:\/\/i0.wp.com\/parroquiacarcavas.archimadrid.es\/wp-content\/uploads\/2026\/01\/86c1d805-4fff-4bfb-8a06-235369275ef5.jpg?fit=1024%2C684&ssl=1","contentUrl":"https:\/\/i0.wp.com\/parroquiacarcavas.archimadrid.es\/wp-content\/uploads\/2026\/01\/86c1d805-4fff-4bfb-8a06-235369275ef5.jpg?fit=1024%2C684&ssl=1","width":1024,"height":684},{"@type":"BreadcrumbList","@id":"https:\/\/parroquiacarcavas.archimadrid.es\/index.php\/2026\/01\/19\/curso-de-educacion-de-la-afectividad-para-adolescentes\/#breadcrumb","itemListElement":[{"@type":"ListItem","position":1,"name":"Portada","item":"https:\/\/parroquiacarcavas.archimadrid.es\/"},{"@type":"ListItem","position":2,"name":"Curso de Educaci\u00f3n de la Afectividad para Adolescentes"}]},{"@type":"WebSite","@id":"https:\/\/parroquiacarcavas.archimadrid.es\/#website","url":"https:\/\/parroquiacarcavas.archimadrid.es\/","name":"PARROQUIA SAN ANTONIO DE LAS C\u00c1RCAVAS","description":"VUESTRA CASA","publisher":{"@id":"https:\/\/parroquiacarcavas.archimadrid.es\/#organization"},"potentialAction":[{"@type":"SearchAction","target":{"@type":"EntryPoint","urlTemplate":"https:\/\/parroquiacarcavas.archimadrid.es\/?s={search_term_string}"},"query-input":{"@type":"PropertyValueSpecification","valueRequired":true,"valueName":"search_term_string"}}],"inLanguage":"es"},{"@type":"Organization","@id":"https:\/\/parroquiacarcavas.archimadrid.es\/#organization","name":"PARROQUIA SAN ANTONIO DE LAS C\u00c1RCAVAS","url":"https:\/\/parroquiacarcavas.archimadrid.es\/","logo":{"@type":"ImageObject","inLanguage":"es","@id":"https:\/\/parroquiacarcavas.archimadrid.es\/#\/schema\/logo\/image\/","url":"https:\/\/parroquiacarcavas.archimadrid.es\/wp-content\/uploads\/2022\/02\/LOGO-SAN-ANTONIO.png","contentUrl":"https:\/\/parroquiacarcavas.archimadrid.es\/wp-content\/uploads\/2022\/02\/LOGO-SAN-ANTONIO.png","width":1863,"height":1171,"caption":"PARROQUIA SAN ANTONIO DE LAS C\u00c1RCAVAS"},"image":{"@id":"https:\/\/parroquiacarcavas.archimadrid.es\/#\/schema\/logo\/image\/"}},{"@type":"Person","@id":"https:\/\/parroquiacarcavas.archimadrid.es\/#\/schema\/person\/461ddc0300905f2a58401af0242dec8e","name":"Parroquia","image":{"@type":"ImageObject","inLanguage":"es","@id":"https:\/\/secure.gravatar.com\/avatar\/43cf8d4d65888e582336ee6625141c8c4fbde4e020a8ef72f3b8f91317f8fdb7?s=96&d=mm&r=g","url":"https:\/\/secure.gravatar.com\/avatar\/43cf8d4d65888e582336ee6625141c8c4fbde4e020a8ef72f3b8f91317f8fdb7?s=96&d=mm&r=g","contentUrl":"https:\/\/secure.gravatar.com\/avatar\/43cf8d4d65888e582336ee6625141c8c4fbde4e020a8ef72f3b8f91317f8fdb7?s=96&d=mm&r=g","caption":"Parroquia"},"sameAs":["https:\/\/parroquiacarcavas.archimadrid.es"],"url":"https:\/\/parroquiacarcavas.archimadrid.es\/index.php\/author\/angel8k\/"}]}},"_links":{"self":[{"href":"https:\/\/parroquiacarcavas.archimadrid.es\/index.php\/wp-json\/wp\/v2\/posts\/5603","targetHints":{"allow":["GET"]}}],"collection":[{"href":"https:\/\/parroquiacarcavas.archimadrid.es\/index.php\/wp-json\/wp\/v2\/posts"}],"about":[{"href":"https:\/\/parroquiacarcavas.archimadrid.es\/index.php\/wp-json\/wp\/v2\/types\/post"}],"author":[{"embeddable":true,"href":"https:\/\/parroquiacarcavas.archimadrid.es\/index.php\/wp-json\/wp\/v2\/users\/1"}],"replies":[{"embeddable":true,"href":"https:\/\/parroquiacarcavas.archimadrid.es\/index.php\/wp-json\/wp\/v2\/comments?post=5603"}],"version-history":[{"count":5,"href":"https:\/\/parroquiacarcavas.archimadrid.es\/index.php\/wp-json\/wp\/v2\/posts\/5603\/revisions"}],"predecessor-version":[{"id":5623,"href":"https:\/\/parroquiacarcavas.archimadrid.es\/index.php\/wp-json\/wp\/v2\/posts\/5603\/revisions\/5623"}],"wp:featuredmedia":[{"embeddable":true,"href":"https:\/\/parroquiacarcavas.archimadrid.es\/index.php\/wp-json\/wp\/v2\/media\/5607"}],"wp:attachment":[{"href":"https:\/\/parroquiacarcavas.archimadrid.es\/index.php\/wp-json\/wp\/v2\/media?parent=5603"}],"wp:term":[{"taxonomy":"category","embeddable":true,"href":"https:\/\/parroquiacarcavas.archimadrid.es\/index.php\/wp-json\/wp\/v2\/categories?post=5603"},{"taxonomy":"post_tag","embeddable":true,"href":"https:\/\/parroquiacarcavas.archimadrid.es\/index.php\/wp-json\/wp\/v2\/tags?post=5603"}],"curies":[{"name":"wp","href":"https:\/\/api.w.org\/{rel}","templated":true}]}}