{"id":5652,"date":"2026-03-04T18:06:15","date_gmt":"2026-03-04T18:06:15","guid":{"rendered":"https:\/\/parroquiacarcavas.archimadrid.es\/?p=5652"},"modified":"2026-03-04T18:19:48","modified_gmt":"2026-03-04T18:19:48","slug":"nueva-localizacion-contenedores-de-caritas","status":"publish","type":"post","link":"https:\/\/parroquiacarcavas.archimadrid.es\/index.php\/2026\/03\/04\/nueva-localizacion-contenedores-de-caritas\/","title":{"rendered":"NUEVA LOCALIZACI\u00d3N DE LOS CONTENEDORES DE C\u00c1RITAS"},"content":{"rendered":"\n<figure class=\"wp-block-image size-large\"><img data-recalc-dims=\"1\" loading=\"lazy\" decoding=\"async\" width=\"769\" height=\"433\" src=\"https:\/\/i0.wp.com\/parroquiacarcavas.archimadrid.es\/wp-content\/uploads\/2026\/03\/Diseno-sin-titulo-45.png?resize=769%2C433&#038;ssl=1\" alt=\"\" class=\"wp-image-5650\" srcset=\"https:\/\/i0.wp.com\/parroquiacarcavas.archimadrid.es\/wp-content\/uploads\/2026\/03\/Diseno-sin-titulo-45.png?resize=1024%2C576&amp;ssl=1 1024w, https:\/\/i0.wp.com\/parroquiacarcavas.archimadrid.es\/wp-content\/uploads\/2026\/03\/Diseno-sin-titulo-45.png?resize=300%2C169&amp;ssl=1 300w, https:\/\/i0.wp.com\/parroquiacarcavas.archimadrid.es\/wp-content\/uploads\/2026\/03\/Diseno-sin-titulo-45.png?resize=768%2C432&amp;ssl=1 768w, https:\/\/i0.wp.com\/parroquiacarcavas.archimadrid.es\/wp-content\/uploads\/2026\/03\/Diseno-sin-titulo-45.png?resize=362%2C204&amp;ssl=1 362w, https:\/\/i0.wp.com\/parroquiacarcavas.archimadrid.es\/wp-content\/uploads\/2026\/03\/Diseno-sin-titulo-45.png?w=1366&amp;ssl=1 1366w\" sizes=\"auto, (max-width: 769px) 100vw, 769px\" \/><\/figure>\n\n\n\n<p>A partir de ahora los contenedores de C\u00e1ritas de reciclaje de ropa se sencuentran en la parte de atr\u00e1s de la parroquia que se accede desde la calle Aurora Redondo. Os recordamos que en los contenedores s\u00f3lo se puede traer ropa y calzado en bolsas cerradas.<\/p>\n","protected":false},"excerpt":{"rendered":"<p>A partir de ahora los contenedores de C\u00e1ritas de reciclaje de ropa se sencuentran en la parte de atr\u00e1s de la parroquia que se accede desde la calle Aurora Redondo. Os recordamos que en los contenedores s\u00f3lo se puede traer ropa y calzado en bolsas cerradas.<\/p>\n","protected":false},"author":1,"featured_media":5650,"comment_status":"open","ping_status":"open","sticky":false,"template":"","format":"standard","meta":{"footnotes":""},"categories":[1],"tags":[],"class_list":["post-5652","post","type-post","status-publish","format-standard","has-post-thumbnail","hentry","category-uncategorized"],"yoast_head":"<!-- This site is optimized with the Yoast SEO plugin v27.5 - https:\/\/yoast.com\/product\/yoast-seo-wordpress\/ -->\n<title>NUEVA LOCALIZACI\u00d3N DE LOS CONTENEDORES DE C\u00c1RITAS - PARROQUIA SAN ANTONIO DE LAS C\u00c1RCAVAS<\/title>\n<meta name=\"robots\" content=\"index, follow, max-snippet:-1, max-image-preview:large, max-video-preview:-1\" \/>\n<link rel=\"canonical\" href=\"https:\/\/parroquiacarcavas.archimadrid.es\/index.php\/2026\/03\/04\/nueva-localizacion-contenedores-de-caritas\/\" \/>\n<meta property=\"og:locale\" content=\"es_ES\" \/>\n<meta property=\"og:type\" content=\"article\" \/>\n<meta property=\"og:title\" content=\"NUEVA LOCALIZACI\u00d3N DE LOS CONTENEDORES DE C\u00c1RITAS - PARROQUIA SAN ANTONIO DE LAS C\u00c1RCAVAS\" \/>\n<meta property=\"og:description\" content=\"A partir de ahora los contenedores de C\u00e1ritas de reciclaje de ropa se sencuentran en la parte de atr\u00e1s de la parroquia que se accede desde la calle Aurora Redondo. Os recordamos que en los contenedores s\u00f3lo se puede traer ropa y calzado en bolsas cerradas.\" \/>\n<meta property=\"og:url\" content=\"https:\/\/parroquiacarcavas.archimadrid.es\/index.php\/2026\/03\/04\/nueva-localizacion-contenedores-de-caritas\/\" \/>\n<meta property=\"og:site_name\" content=\"PARROQUIA SAN ANTONIO DE LAS C\u00c1RCAVAS\" \/>\n<meta property=\"article:published_time\" content=\"2026-03-04T18:06:15+00:00\" \/>\n<meta property=\"article:modified_time\" content=\"2026-03-04T18:19:48+00:00\" \/>\n<meta property=\"og:image\" content=\"https:\/\/parroquiacarcavas.archimadrid.es\/wp-content\/uploads\/2026\/03\/Diseno-sin-titulo-45.png\" \/>\n\t<meta property=\"og:image:width\" content=\"1366\" \/>\n\t<meta property=\"og:image:height\" content=\"768\" \/>\n\t<meta property=\"og:image:type\" content=\"image\/png\" \/>\n<meta name=\"author\" content=\"Parroquia\" \/>\n<meta name=\"twitter:card\" content=\"summary_large_image\" \/>\n<meta name=\"twitter:label1\" content=\"Escrito por\" \/>\n\t<meta name=\"twitter:data1\" content=\"Parroquia\" \/>\n\t<meta name=\"twitter:label2\" content=\"Tiempo de lectura\" \/>\n\t<meta name=\"twitter:data2\" content=\"1 minuto\" \/>\n<script type=\"application\/ld+json\" class=\"yoast-schema-graph\">{\"@context\":\"https:\\\/\\\/schema.org\",\"@graph\":[{\"@type\":\"Article\",\"@id\":\"https:\\\/\\\/parroquiacarcavas.archimadrid.es\\\/index.php\\\/2026\\\/03\\\/04\\\/nueva-localizacion-contenedores-de-caritas\\\/#article\",\"isPartOf\":{\"@id\":\"https:\\\/\\\/parroquiacarcavas.archimadrid.es\\\/index.php\\\/2026\\\/03\\\/04\\\/nueva-localizacion-contenedores-de-caritas\\\/\"},\"author\":{\"name\":\"Parroquia\",\"@id\":\"https:\\\/\\\/parroquiacarcavas.archimadrid.es\\\/#\\\/schema\\\/person\\\/461ddc0300905f2a58401af0242dec8e\"},\"headline\":\"NUEVA LOCALIZACI\u00d3N DE LOS CONTENEDORES DE C\u00c1RITAS\",\"datePublished\":\"2026-03-04T18:06:15+00:00\",\"dateModified\":\"2026-03-04T18:19:48+00:00\",\"mainEntityOfPage\":{\"@id\":\"https:\\\/\\\/parroquiacarcavas.archimadrid.es\\\/index.php\\\/2026\\\/03\\\/04\\\/nueva-localizacion-contenedores-de-caritas\\\/\"},\"wordCount\":58,\"commentCount\":0,\"publisher\":{\"@id\":\"https:\\\/\\\/parroquiacarcavas.archimadrid.es\\\/#organization\"},\"image\":{\"@id\":\"https:\\\/\\\/parroquiacarcavas.archimadrid.es\\\/index.php\\\/2026\\\/03\\\/04\\\/nueva-localizacion-contenedores-de-caritas\\\/#primaryimage\"},\"thumbnailUrl\":\"https:\\\/\\\/i0.wp.com\\\/parroquiacarcavas.archimadrid.es\\\/wp-content\\\/uploads\\\/2026\\\/03\\\/Diseno-sin-titulo-45.png?fit=1366%2C768&ssl=1\",\"articleSection\":[\"Uncategorized\"],\"inLanguage\":\"es\",\"potentialAction\":[{\"@type\":\"CommentAction\",\"name\":\"Comment\",\"target\":[\"https:\\\/\\\/parroquiacarcavas.archimadrid.es\\\/index.php\\\/2026\\\/03\\\/04\\\/nueva-localizacion-contenedores-de-caritas\\\/#respond\"]}]},{\"@type\":\"WebPage\",\"@id\":\"https:\\\/\\\/parroquiacarcavas.archimadrid.es\\\/index.php\\\/2026\\\/03\\\/04\\\/nueva-localizacion-contenedores-de-caritas\\\/\",\"url\":\"https:\\\/\\\/parroquiacarcavas.archimadrid.es\\\/index.php\\\/2026\\\/03\\\/04\\\/nueva-localizacion-contenedores-de-caritas\\\/\",\"name\":\"NUEVA LOCALIZACI\u00d3N DE LOS CONTENEDORES DE C\u00c1RITAS - PARROQUIA SAN ANTONIO DE LAS C\u00c1RCAVAS\",\"isPartOf\":{\"@id\":\"https:\\\/\\\/parroquiacarcavas.archimadrid.es\\\/#website\"},\"primaryImageOfPage\":{\"@id\":\"https:\\\/\\\/parroquiacarcavas.archimadrid.es\\\/index.php\\\/2026\\\/03\\\/04\\\/nueva-localizacion-contenedores-de-caritas\\\/#primaryimage\"},\"image\":{\"@id\":\"https:\\\/\\\/parroquiacarcavas.archimadrid.es\\\/index.php\\\/2026\\\/03\\\/04\\\/nueva-localizacion-contenedores-de-caritas\\\/#primaryimage\"},\"thumbnailUrl\":\"https:\\\/\\\/i0.wp.com\\\/parroquiacarcavas.archimadrid.es\\\/wp-content\\\/uploads\\\/2026\\\/03\\\/Diseno-sin-titulo-45.png?fit=1366%2C768&ssl=1\",\"datePublished\":\"2026-03-04T18:06:15+00:00\",\"dateModified\":\"2026-03-04T18:19:48+00:00\",\"breadcrumb\":{\"@id\":\"https:\\\/\\\/parroquiacarcavas.archimadrid.es\\\/index.php\\\/2026\\\/03\\\/04\\\/nueva-localizacion-contenedores-de-caritas\\\/#breadcrumb\"},\"inLanguage\":\"es\",\"potentialAction\":[{\"@type\":\"ReadAction\",\"target\":[\"https:\\\/\\\/parroquiacarcavas.archimadrid.es\\\/index.php\\\/2026\\\/03\\\/04\\\/nueva-localizacion-contenedores-de-caritas\\\/\"]}]},{\"@type\":\"ImageObject\",\"inLanguage\":\"es\",\"@id\":\"https:\\\/\\\/parroquiacarcavas.archimadrid.es\\\/index.php\\\/2026\\\/03\\\/04\\\/nueva-localizacion-contenedores-de-caritas\\\/#primaryimage\",\"url\":\"https:\\\/\\\/i0.wp.com\\\/parroquiacarcavas.archimadrid.es\\\/wp-content\\\/uploads\\\/2026\\\/03\\\/Diseno-sin-titulo-45.png?fit=1366%2C768&ssl=1\",\"contentUrl\":\"https:\\\/\\\/i0.wp.com\\\/parroquiacarcavas.archimadrid.es\\\/wp-content\\\/uploads\\\/2026\\\/03\\\/Diseno-sin-titulo-45.png?fit=1366%2C768&ssl=1\",\"width\":1366,\"height\":768},{\"@type\":\"BreadcrumbList\",\"@id\":\"https:\\\/\\\/parroquiacarcavas.archimadrid.es\\\/index.php\\\/2026\\\/03\\\/04\\\/nueva-localizacion-contenedores-de-caritas\\\/#breadcrumb\",\"itemListElement\":[{\"@type\":\"ListItem\",\"position\":1,\"name\":\"Portada\",\"item\":\"https:\\\/\\\/parroquiacarcavas.archimadrid.es\\\/\"},{\"@type\":\"ListItem\",\"position\":2,\"name\":\"NUEVA LOCALIZACI\u00d3N DE LOS CONTENEDORES DE C\u00c1RITAS\"}]},{\"@type\":\"WebSite\",\"@id\":\"https:\\\/\\\/parroquiacarcavas.archimadrid.es\\\/#website\",\"url\":\"https:\\\/\\\/parroquiacarcavas.archimadrid.es\\\/\",\"name\":\"PARROQUIA SAN ANTONIO DE LAS C\u00c1RCAVAS\",\"description\":\"VUESTRA CASA\",\"publisher\":{\"@id\":\"https:\\\/\\\/parroquiacarcavas.archimadrid.es\\\/#organization\"},\"potentialAction\":[{\"@type\":\"SearchAction\",\"target\":{\"@type\":\"EntryPoint\",\"urlTemplate\":\"https:\\\/\\\/parroquiacarcavas.archimadrid.es\\\/?s={search_term_string}\"},\"query-input\":{\"@type\":\"PropertyValueSpecification\",\"valueRequired\":true,\"valueName\":\"search_term_string\"}}],\"inLanguage\":\"es\"},{\"@type\":\"Organization\",\"@id\":\"https:\\\/\\\/parroquiacarcavas.archimadrid.es\\\/#organization\",\"name\":\"PARROQUIA SAN ANTONIO DE LAS C\u00c1RCAVAS\",\"url\":\"https:\\\/\\\/parroquiacarcavas.archimadrid.es\\\/\",\"logo\":{\"@type\":\"ImageObject\",\"inLanguage\":\"es\",\"@id\":\"https:\\\/\\\/parroquiacarcavas.archimadrid.es\\\/#\\\/schema\\\/logo\\\/image\\\/\",\"url\":\"https:\\\/\\\/parroquiacarcavas.archimadrid.es\\\/wp-content\\\/uploads\\\/2022\\\/02\\\/LOGO-SAN-ANTONIO.png\",\"contentUrl\":\"https:\\\/\\\/parroquiacarcavas.archimadrid.es\\\/wp-content\\\/uploads\\\/2022\\\/02\\\/LOGO-SAN-ANTONIO.png\",\"width\":1863,\"height\":1171,\"caption\":\"PARROQUIA SAN ANTONIO DE LAS C\u00c1RCAVAS\"},\"image\":{\"@id\":\"https:\\\/\\\/parroquiacarcavas.archimadrid.es\\\/#\\\/schema\\\/logo\\\/image\\\/\"}},{\"@type\":\"Person\",\"@id\":\"https:\\\/\\\/parroquiacarcavas.archimadrid.es\\\/#\\\/schema\\\/person\\\/461ddc0300905f2a58401af0242dec8e\",\"name\":\"Parroquia\",\"image\":{\"@type\":\"ImageObject\",\"inLanguage\":\"es\",\"@id\":\"https:\\\/\\\/secure.gravatar.com\\\/avatar\\\/43cf8d4d65888e582336ee6625141c8c4fbde4e020a8ef72f3b8f91317f8fdb7?s=96&d=mm&r=g\",\"url\":\"https:\\\/\\\/secure.gravatar.com\\\/avatar\\\/43cf8d4d65888e582336ee6625141c8c4fbde4e020a8ef72f3b8f91317f8fdb7?s=96&d=mm&r=g\",\"contentUrl\":\"https:\\\/\\\/secure.gravatar.com\\\/avatar\\\/43cf8d4d65888e582336ee6625141c8c4fbde4e020a8ef72f3b8f91317f8fdb7?s=96&d=mm&r=g\",\"caption\":\"Parroquia\"},\"sameAs\":[\"https:\\\/\\\/parroquiacarcavas.archimadrid.es\"],\"url\":\"https:\\\/\\\/parroquiacarcavas.archimadrid.es\\\/index.php\\\/author\\\/angel8k\\\/\"}]}<\/script>\n<!-- \/ Yoast SEO plugin. -->","yoast_head_json":{"title":"NUEVA LOCALIZACI\u00d3N DE LOS CONTENEDORES DE C\u00c1RITAS - PARROQUIA SAN ANTONIO DE LAS C\u00c1RCAVAS","robots":{"index":"index","follow":"follow","max-snippet":"max-snippet:-1","max-image-preview":"max-image-preview:large","max-video-preview":"max-video-preview:-1"},"canonical":"https:\/\/parroquiacarcavas.archimadrid.es\/index.php\/2026\/03\/04\/nueva-localizacion-contenedores-de-caritas\/","og_locale":"es_ES","og_type":"article","og_title":"NUEVA LOCALIZACI\u00d3N DE LOS CONTENEDORES DE C\u00c1RITAS - PARROQUIA SAN ANTONIO DE LAS C\u00c1RCAVAS","og_description":"A partir de ahora los contenedores de C\u00e1ritas de reciclaje de ropa se sencuentran en la parte de atr\u00e1s de la parroquia que se accede desde la calle Aurora Redondo. Os recordamos que en los contenedores s\u00f3lo se puede traer ropa y calzado en bolsas cerradas.","og_url":"https:\/\/parroquiacarcavas.archimadrid.es\/index.php\/2026\/03\/04\/nueva-localizacion-contenedores-de-caritas\/","og_site_name":"PARROQUIA SAN ANTONIO DE LAS C\u00c1RCAVAS","article_published_time":"2026-03-04T18:06:15+00:00","article_modified_time":"2026-03-04T18:19:48+00:00","og_image":[{"width":1366,"height":768,"url":"https:\/\/parroquiacarcavas.archimadrid.es\/wp-content\/uploads\/2026\/03\/Diseno-sin-titulo-45.png","type":"image\/png"}],"author":"Parroquia","twitter_card":"summary_large_image","twitter_misc":{"Escrito por":"Parroquia","Tiempo de lectura":"1 minuto"},"schema":{"@context":"https:\/\/schema.org","@graph":[{"@type":"Article","@id":"https:\/\/parroquiacarcavas.archimadrid.es\/index.php\/2026\/03\/04\/nueva-localizacion-contenedores-de-caritas\/#article","isPartOf":{"@id":"https:\/\/parroquiacarcavas.archimadrid.es\/index.php\/2026\/03\/04\/nueva-localizacion-contenedores-de-caritas\/"},"author":{"name":"Parroquia","@id":"https:\/\/parroquiacarcavas.archimadrid.es\/#\/schema\/person\/461ddc0300905f2a58401af0242dec8e"},"headline":"NUEVA LOCALIZACI\u00d3N DE LOS CONTENEDORES DE C\u00c1RITAS","datePublished":"2026-03-04T18:06:15+00:00","dateModified":"2026-03-04T18:19:48+00:00","mainEntityOfPage":{"@id":"https:\/\/parroquiacarcavas.archimadrid.es\/index.php\/2026\/03\/04\/nueva-localizacion-contenedores-de-caritas\/"},"wordCount":58,"commentCount":0,"publisher":{"@id":"https:\/\/parroquiacarcavas.archimadrid.es\/#organization"},"image":{"@id":"https:\/\/parroquiacarcavas.archimadrid.es\/index.php\/2026\/03\/04\/nueva-localizacion-contenedores-de-caritas\/#primaryimage"},"thumbnailUrl":"https:\/\/i0.wp.com\/parroquiacarcavas.archimadrid.es\/wp-content\/uploads\/2026\/03\/Diseno-sin-titulo-45.png?fit=1366%2C768&ssl=1","articleSection":["Uncategorized"],"inLanguage":"es","potentialAction":[{"@type":"CommentAction","name":"Comment","target":["https:\/\/parroquiacarcavas.archimadrid.es\/index.php\/2026\/03\/04\/nueva-localizacion-contenedores-de-caritas\/#respond"]}]},{"@type":"WebPage","@id":"https:\/\/parroquiacarcavas.archimadrid.es\/index.php\/2026\/03\/04\/nueva-localizacion-contenedores-de-caritas\/","url":"https:\/\/parroquiacarcavas.archimadrid.es\/index.php\/2026\/03\/04\/nueva-localizacion-contenedores-de-caritas\/","name":"NUEVA LOCALIZACI\u00d3N DE LOS CONTENEDORES DE C\u00c1RITAS - PARROQUIA SAN ANTONIO DE LAS C\u00c1RCAVAS","isPartOf":{"@id":"https:\/\/parroquiacarcavas.archimadrid.es\/#website"},"primaryImageOfPage":{"@id":"https:\/\/parroquiacarcavas.archimadrid.es\/index.php\/2026\/03\/04\/nueva-localizacion-contenedores-de-caritas\/#primaryimage"},"image":{"@id":"https:\/\/parroquiacarcavas.archimadrid.es\/index.php\/2026\/03\/04\/nueva-localizacion-contenedores-de-caritas\/#primaryimage"},"thumbnailUrl":"https:\/\/i0.wp.com\/parroquiacarcavas.archimadrid.es\/wp-content\/uploads\/2026\/03\/Diseno-sin-titulo-45.png?fit=1366%2C768&ssl=1","datePublished":"2026-03-04T18:06:15+00:00","dateModified":"2026-03-04T18:19:48+00:00","breadcrumb":{"@id":"https:\/\/parroquiacarcavas.archimadrid.es\/index.php\/2026\/03\/04\/nueva-localizacion-contenedores-de-caritas\/#breadcrumb"},"inLanguage":"es","potentialAction":[{"@type":"ReadAction","target":["https:\/\/parroquiacarcavas.archimadrid.es\/index.php\/2026\/03\/04\/nueva-localizacion-contenedores-de-caritas\/"]}]},{"@type":"ImageObject","inLanguage":"es","@id":"https:\/\/parroquiacarcavas.archimadrid.es\/index.php\/2026\/03\/04\/nueva-localizacion-contenedores-de-caritas\/#primaryimage","url":"https:\/\/i0.wp.com\/parroquiacarcavas.archimadrid.es\/wp-content\/uploads\/2026\/03\/Diseno-sin-titulo-45.png?fit=1366%2C768&ssl=1","contentUrl":"https:\/\/i0.wp.com\/parroquiacarcavas.archimadrid.es\/wp-content\/uploads\/2026\/03\/Diseno-sin-titulo-45.png?fit=1366%2C768&ssl=1","width":1366,"height":768},{"@type":"BreadcrumbList","@id":"https:\/\/parroquiacarcavas.archimadrid.es\/index.php\/2026\/03\/04\/nueva-localizacion-contenedores-de-caritas\/#breadcrumb","itemListElement":[{"@type":"ListItem","position":1,"name":"Portada","item":"https:\/\/parroquiacarcavas.archimadrid.es\/"},{"@type":"ListItem","position":2,"name":"NUEVA LOCALIZACI\u00d3N DE LOS CONTENEDORES DE C\u00c1RITAS"}]},{"@type":"WebSite","@id":"https:\/\/parroquiacarcavas.archimadrid.es\/#website","url":"https:\/\/parroquiacarcavas.archimadrid.es\/","name":"PARROQUIA SAN ANTONIO DE LAS C\u00c1RCAVAS","description":"VUESTRA CASA","publisher":{"@id":"https:\/\/parroquiacarcavas.archimadrid.es\/#organization"},"potentialAction":[{"@type":"SearchAction","target":{"@type":"EntryPoint","urlTemplate":"https:\/\/parroquiacarcavas.archimadrid.es\/?s={search_term_string}"},"query-input":{"@type":"PropertyValueSpecification","valueRequired":true,"valueName":"search_term_string"}}],"inLanguage":"es"},{"@type":"Organization","@id":"https:\/\/parroquiacarcavas.archimadrid.es\/#organization","name":"PARROQUIA SAN ANTONIO DE LAS C\u00c1RCAVAS","url":"https:\/\/parroquiacarcavas.archimadrid.es\/","logo":{"@type":"ImageObject","inLanguage":"es","@id":"https:\/\/parroquiacarcavas.archimadrid.es\/#\/schema\/logo\/image\/","url":"https:\/\/parroquiacarcavas.archimadrid.es\/wp-content\/uploads\/2022\/02\/LOGO-SAN-ANTONIO.png","contentUrl":"https:\/\/parroquiacarcavas.archimadrid.es\/wp-content\/uploads\/2022\/02\/LOGO-SAN-ANTONIO.png","width":1863,"height":1171,"caption":"PARROQUIA SAN ANTONIO DE LAS C\u00c1RCAVAS"},"image":{"@id":"https:\/\/parroquiacarcavas.archimadrid.es\/#\/schema\/logo\/image\/"}},{"@type":"Person","@id":"https:\/\/parroquiacarcavas.archimadrid.es\/#\/schema\/person\/461ddc0300905f2a58401af0242dec8e","name":"Parroquia","image":{"@type":"ImageObject","inLanguage":"es","@id":"https:\/\/secure.gravatar.com\/avatar\/43cf8d4d65888e582336ee6625141c8c4fbde4e020a8ef72f3b8f91317f8fdb7?s=96&d=mm&r=g","url":"https:\/\/secure.gravatar.com\/avatar\/43cf8d4d65888e582336ee6625141c8c4fbde4e020a8ef72f3b8f91317f8fdb7?s=96&d=mm&r=g","contentUrl":"https:\/\/secure.gravatar.com\/avatar\/43cf8d4d65888e582336ee6625141c8c4fbde4e020a8ef72f3b8f91317f8fdb7?s=96&d=mm&r=g","caption":"Parroquia"},"sameAs":["https:\/\/parroquiacarcavas.archimadrid.es"],"url":"https:\/\/parroquiacarcavas.archimadrid.es\/index.php\/author\/angel8k\/"}]}},"_links":{"self":[{"href":"https:\/\/parroquiacarcavas.archimadrid.es\/index.php\/wp-json\/wp\/v2\/posts\/5652","targetHints":{"allow":["GET"]}}],"collection":[{"href":"https:\/\/parroquiacarcavas.archimadrid.es\/index.php\/wp-json\/wp\/v2\/posts"}],"about":[{"href":"https:\/\/parroquiacarcavas.archimadrid.es\/index.php\/wp-json\/wp\/v2\/types\/post"}],"author":[{"embeddable":true,"href":"https:\/\/parroquiacarcavas.archimadrid.es\/index.php\/wp-json\/wp\/v2\/users\/1"}],"replies":[{"embeddable":true,"href":"https:\/\/parroquiacarcavas.archimadrid.es\/index.php\/wp-json\/wp\/v2\/comments?post=5652"}],"version-history":[{"count":3,"href":"https:\/\/parroquiacarcavas.archimadrid.es\/index.php\/wp-json\/wp\/v2\/posts\/5652\/revisions"}],"predecessor-version":[{"id":5655,"href":"https:\/\/parroquiacarcavas.archimadrid.es\/index.php\/wp-json\/wp\/v2\/posts\/5652\/revisions\/5655"}],"wp:featuredmedia":[{"embeddable":true,"href":"https:\/\/parroquiacarcavas.archimadrid.es\/index.php\/wp-json\/wp\/v2\/media\/5650"}],"wp:attachment":[{"href":"https:\/\/parroquiacarcavas.archimadrid.es\/index.php\/wp-json\/wp\/v2\/media?parent=5652"}],"wp:term":[{"taxonomy":"category","embeddable":true,"href":"https:\/\/parroquiacarcavas.archimadrid.es\/index.php\/wp-json\/wp\/v2\/categories?post=5652"},{"taxonomy":"post_tag","embeddable":true,"href":"https:\/\/parroquiacarcavas.archimadrid.es\/index.php\/wp-json\/wp\/v2\/tags?post=5652"}],"curies":[{"name":"wp","href":"https:\/\/api.w.org\/{rel}","templated":true}]}}